{"id":1462,"date":"2024-09-26T08:12:28","date_gmt":"2024-09-26T08:12:28","guid":{"rendered":"https:\/\/www.teczaspolem.pl\/?p=1462"},"modified":"2024-09-26T08:14:09","modified_gmt":"2024-09-26T08:14:09","slug":"turniej-rodzinny","status":"publish","type":"post","link":"https:\/\/www.teczaspolem.pl\/?p=1462","title":{"rendered":"Turniej Rodzinny"},"content":{"rendered":"\n<p>W dniach 31.08-01.09.2024 odby\u0142 si\u0119 Turniej Rodzinny na zako\u0144czenie wakacji pn. IX Mistrzostwa Jaworzna w badmintonie im. M. Cio\u0142czyka w kt\u00f3rym wzi\u0119li udzia\u0142 nasi najm\u0142odsi zawodnicy wraz z rodzicami.<br>Walka pomi\u0119dzy zawodnikami by\u0142a zaci\u0119ta.<br>Miejsca zaj\u0119li:<br>1 miejsce zaj\u0119\u0142a Anna Smoli\u0144ska z Wojtkiem Smoli\u0144skim<br>2 miejsce Pawe\u0142 Gryzek z Wojtkiem Gryzek<br>3 miejsce nale\u017ca\u0142o do Basi i Janka Siud\u00f3w, \u0141ukasza Smoli\u0144skiego i Julii Smoli\u0144skiej oraz Anny Gryzek i Macieja Gryzek.<br>Wszystkim zawodniczkom\/kom oraz rodzicom serdecznie gratulujemy.<\/p>\n\n\n\n<p><a href=\"https:\/\/www.teczaspolem.pl\/wp-content\/uploads\/2024\/09\/tr0.jpg\"><img loading=\"lazy\" decoding=\"async\" class=\"alignnone size-full wp-image-1466\" src=\"https:\/\/www.teczaspolem.pl\/wp-content\/uploads\/2024\/09\/tr0.jpg\" alt=\"\" width=\"2040\" height=\"1530\" srcset=\"https:\/\/www.teczaspolem.pl\/wp-content\/uploads\/2024\/09\/tr0.jpg 2040w, https:\/\/www.teczaspolem.pl\/wp-content\/uploads\/2024\/09\/tr0-300x225.jpg 300w, https:\/\/www.teczaspolem.pl\/wp-content\/uploads\/2024\/09\/tr0-768x576.jpg 768w, https:\/\/www.teczaspolem.pl\/wp-content\/uploads\/2024\/09\/tr0-1536x1152.jpg 1536w, https:\/\/www.teczaspolem.pl\/wp-content\/uploads\/2024\/09\/tr0-940x705.jpg 940w\" sizes=\"auto, (max-width: 2040px) 100vw, 2040px\" \/><\/a><\/p>\n\n\n","protected":false},"excerpt":{"rendered":"<p>W dniach 31.08-01.09.2024 odby\u0142 si\u0119 Turniej Rodzinny na zako\u0144czenie wakacji pn. IX Mistrzostwa Jaworzna w badmintonie im. M. Cio\u0142czyka w kt\u00f3rym wzi\u0119li udzia\u0142 nasi najm\u0142odsi zawodnicy wraz z rodzicami.Walka pomi\u0119dzy zawodnikami by\u0142a zaci\u0119ta.Miejsca zaj\u0119li:1 miejsce zaj\u0119\u0142a Anna Smoli\u0144ska z Wojtkiem &#8230; <a class=\"more-link\" href=\"https:\/\/www.teczaspolem.pl\/?p=1462\">Read More &raquo;<\/a><\/p>\n","protected":false},"author":1,"featured_media":0,"comment_status":"closed","ping_status":"closed","sticky":false,"template":"","format":"image","meta":{"footnotes":""},"categories":[1],"tags":[],"class_list":["post-1462","post","type-post","status-publish","format-image","hentry","category-bez-kategorii","post_format-post-format-image"],"_links":{"self":[{"href":"https:\/\/www.teczaspolem.pl\/index.php?rest_route=\/wp\/v2\/posts\/1462","targetHints":{"allow":["GET"]}}],"collection":[{"href":"https:\/\/www.teczaspolem.pl\/index.php?rest_route=\/wp\/v2\/posts"}],"about":[{"href":"https:\/\/www.teczaspolem.pl\/index.php?rest_route=\/wp\/v2\/types\/post"}],"author":[{"embeddable":true,"href":"https:\/\/www.teczaspolem.pl\/index.php?rest_route=\/wp\/v2\/users\/1"}],"replies":[{"embeddable":true,"href":"https:\/\/www.teczaspolem.pl\/index.php?rest_route=%2Fwp%2Fv2%2Fcomments&post=1462"}],"version-history":[{"count":4,"href":"https:\/\/www.teczaspolem.pl\/index.php?rest_route=\/wp\/v2\/posts\/1462\/revisions"}],"predecessor-version":[{"id":1467,"href":"https:\/\/www.teczaspolem.pl\/index.php?rest_route=\/wp\/v2\/posts\/1462\/revisions\/1467"}],"wp:attachment":[{"href":"https:\/\/www.teczaspolem.pl\/index.php?rest_route=%2Fwp%2Fv2%2Fmedia&parent=1462"}],"wp:term":[{"taxonomy":"category","embeddable":true,"href":"https:\/\/www.teczaspolem.pl\/index.php?rest_route=%2Fwp%2Fv2%2Fcategories&post=1462"},{"taxonomy":"post_tag","embeddable":true,"href":"https:\/\/www.teczaspolem.pl\/index.php?rest_route=%2Fwp%2Fv2%2Ftags&post=1462"}],"curies":[{"name":"wp","href":"https:\/\/api.w.org\/{rel}","templated":true}]}}