{"id":1468,"date":"2024-10-02T16:04:50","date_gmt":"2024-10-02T16:04:50","guid":{"rendered":"https:\/\/www.teczaspolem.pl\/?p=1468"},"modified":"2024-10-02T16:05:15","modified_gmt":"2024-10-02T16:05:15","slug":"mistrzostwa-swiata-juniorow-w-trojboju-silowym-klasycznym-malta-28-08-08-09-2024","status":"publish","type":"post","link":"https:\/\/www.teczaspolem.pl\/?p=1468","title":{"rendered":"Mistrzostwa \u015awiata Junior\u00f3w w Tr\u00f3jboju Si\u0142owym Klasycznym Malta, 28.08-08.09.2024"},"content":{"rendered":"\n<p><\/p>\n\n\n\n<p>Z du\u017cym sukcesem wystartowa\u0142 na Mistrzostwach \u015awiata Junior\u00f3w w Tr\u00f3jboju Si\u0142owym Klasycznym na Malcie Kacper Cury\u0142o. Tegoroczny wicemistrz Polski w kat. 105 ustanowi\u0142 dwa rekordy Polski w przysiadzie junior\u00f3w do lat 23 &#8211; 292,5 i 297,5 kg, podwy\u017cszaj\u0105c sw\u00f3j w\u0142asny rekord Polski z czerwca tego roku o 6,5 kg. W wyciskaniu le\u017c\u0105c poprawi\u0142 wynik o 7,5 kg zaliczaj\u0105c 175 kg, w martwym ci\u0105gu r\u00f3wnie\u017c poprawi\u0142 wynik w stosunku do uzyskanego na czerwcowych Mistrzostwach Polski Junior\u00f3w o 5 kg zaliczaj\u0105c 270k kg. W tr\u00f3jboju suma boj\u00f3w wynios\u0142a 755 kg, co jest najlepszym tegorocznym wynikiem juniorskim w tej kategorii wagowej w tym roku. Ze wzgl\u0119du na du\u017c\u0105 frekwecj\u0119 na zawodach Kacper Cury\u0142o zaj\u0105\u0142 15 miejsce.<\/p>\n\n\n\n<p>Mniej szcz\u0119\u015bcia mia\u0142a 16-letnia zawodniczka, Zuzanna Znojek, startuj\u0105ca w kategorii do 47 kg. B\u0119d\u0105c po pierwszych zg\u0142oszonych podej\u015bciach na trzecim miejscu, zawodniczka dozna\u0142a na starcie w przysiadach kontuzji plec\u00f3w i nadgarstk\u00f3w (w trzecim podej\u015bciu sztanga spad\u0142a jej z plec\u00f3w). Konieczne by\u0142o odwo\u0142anie jej start\u00f3w z pozosta\u0142ych boj\u00f3w, pomimo, \u017ce w wyciskaniu le\u017c\u0105c mog\u0142a powalczy\u0107 o srebrny medal. Tegoroczna mistrzyni Europy juniorek w kategorii 47 kg w przysz\u0142ym roku powalczy o medale w kategorii do 52 kg, po zaleczeniu kontuzji.<\/p>\n\n\n\n<p>Start doszed\u0142 do skutku dzi\u0119ki finansowemu wsparciu Urz\u0119du Marsza\u0142kowskiego Wojew\u00f3dztwa \u015awi\u0119tokrzyskiego, kt\u00f3ry pokry\u0142 cz\u0119\u015b\u0107 koszt\u00f3w zwi\u0105zanych z udzia\u0142em w tych zawodach. Za co Zarz\u0105d Klubu serdecznie dzi\u0119kuje.<\/p>\n","protected":false},"excerpt":{"rendered":"<p>Z du\u017cym sukcesem wystartowa\u0142 na Mistrzostwach \u015awiata Junior\u00f3w w Tr\u00f3jboju Si\u0142owym Klasycznym na Malcie Kacper Cury\u0142o. Tegoroczny wicemistrz Polski w kat. 105 ustanowi\u0142 dwa rekordy Polski w przysiadzie junior\u00f3w do lat 23 &#8211; 292,5 i 297,5 kg, podwy\u017cszaj\u0105c sw\u00f3j w\u0142asny &#8230; <a class=\"more-link\" href=\"https:\/\/www.teczaspolem.pl\/?p=1468\">Read More &raquo;<\/a><\/p>\n","protected":false},"author":1,"featured_media":0,"comment_status":"closed","ping_status":"closed","sticky":false,"template":"","format":"image","meta":{"footnotes":""},"categories":[1],"tags":[],"class_list":["post-1468","post","type-post","status-publish","format-image","hentry","category-bez-kategorii","post_format-post-format-image"],"_links":{"self":[{"href":"https:\/\/www.teczaspolem.pl\/index.php?rest_route=\/wp\/v2\/posts\/1468","targetHints":{"allow":["GET"]}}],"collection":[{"href":"https:\/\/www.teczaspolem.pl\/index.php?rest_route=\/wp\/v2\/posts"}],"about":[{"href":"https:\/\/www.teczaspolem.pl\/index.php?rest_route=\/wp\/v2\/types\/post"}],"author":[{"embeddable":true,"href":"https:\/\/www.teczaspolem.pl\/index.php?rest_route=\/wp\/v2\/users\/1"}],"replies":[{"embeddable":true,"href":"https:\/\/www.teczaspolem.pl\/index.php?rest_route=%2Fwp%2Fv2%2Fcomments&post=1468"}],"version-history":[{"count":1,"href":"https:\/\/www.teczaspolem.pl\/index.php?rest_route=\/wp\/v2\/posts\/1468\/revisions"}],"predecessor-version":[{"id":1469,"href":"https:\/\/www.teczaspolem.pl\/index.php?rest_route=\/wp\/v2\/posts\/1468\/revisions\/1469"}],"wp:attachment":[{"href":"https:\/\/www.teczaspolem.pl\/index.php?rest_route=%2Fwp%2Fv2%2Fmedia&parent=1468"}],"wp:term":[{"taxonomy":"category","embeddable":true,"href":"https:\/\/www.teczaspolem.pl\/index.php?rest_route=%2Fwp%2Fv2%2Fcategories&post=1468"},{"taxonomy":"post_tag","embeddable":true,"href":"https:\/\/www.teczaspolem.pl\/index.php?rest_route=%2Fwp%2Fv2%2Ftags&post=1468"}],"curies":[{"name":"wp","href":"https:\/\/api.w.org\/{rel}","templated":true}]}}