{"id":1623,"date":"2025-02-12T16:40:04","date_gmt":"2025-02-12T16:40:04","guid":{"rendered":"https:\/\/www.teczaspolem.pl\/?p=1623"},"modified":"2025-02-12T16:43:06","modified_gmt":"2025-02-12T16:43:06","slug":"stypendia-sportowe","status":"publish","type":"post","link":"https:\/\/www.teczaspolem.pl\/?p=1623","title":{"rendered":"Stypendia sportowe"},"content":{"rendered":"<p><strong>Pani Prezydent Miasta Kielce przyzna\u0142a stypendia sportowe\u00a0<\/strong><strong>za osi\u0105gni\u0119te wyniki sportowe w roku 2024<br \/>\n<\/strong>Mi\u0142o nam poinformowa\u0107, \u017ce Pani Prezydent Miasta Kielce przyzna\u0142a stypendia sportowe zawodniczkom i zawodnikom\u00a0 KS \u201eT\u0119cza-Spo\u0142em\u201d Kielce za osi\u0105gni\u0119cia sportowe na arenie krajowej, europejskiej i \u015bwiatowej sekcji tenisa\u00a0 i tr\u00f3jboju si\u0142owego.<\/p>\n<p>Nina Petelicka \u2013 tenis<br \/>\nAleksandra Struska &#8211; tenis<br \/>\nRados\u0142aw Rogala \u2013 tr\u00f3jb\u00f3j si\u0142owy<br \/>\nZuzanna Znojek -tr\u00f3jb\u00f3j si\u0142owy<br \/>\nStanis\u0142aw Ba\u0142chanowski\u2013 tr\u00f3jb\u00f3j si\u0142owy<br \/>\nJulia Gajda \u2013 tr\u00f3jb\u00f3j si\u0142owy<br \/>\nPiotr Korus -tr\u00f3jb\u00f3j si\u0142owy<br \/>\nHubert Jasi\u0144ski -tr\u00f3jb\u00f3j si\u0142owy<br \/>\nTomasz Wnuk -tr\u00f3jb\u00f3j si\u0142owy<br \/>\nKonrad G\u00f3ra -tr\u00f3jb\u00f3j si\u0142owy<br \/>\nMateusz Szymkiewicz -tr\u00f3jb\u00f3j si\u0142owy<br \/>\nWiktoria Bara\u0144ska -tr\u00f3jb\u00f3j si\u0142owy<br \/>\nBartosz Mazur -tr\u00f3jb\u00f3j si\u0142owy<br \/>\nBartosz Kuderski-tr\u00f3jb\u00f3j si\u0142owy<br \/>\nMateusz Patyna -tr\u00f3jb\u00f3j si\u0142owy<br \/>\nCezary Karbowniak-tr\u00f3jb\u00f3j si\u0142owy<br \/>\nKamil Malanowicz-tr\u00f3jb\u00f3j si\u0142owy<br \/>\nKonrad Met -tr\u00f3jb\u00f3j si\u0142owy<br \/>\nPawe\u0142 Zbroszczyk-tr\u00f3jb\u00f3j si\u0142owy<br \/>\nPiotr Kania -tr\u00f3jb\u00f3j si\u0142owy<br \/>\nJakub Bado\u0144-tr\u00f3jb\u00f3j si\u0142owy<br \/>\nCyprian Kralka-tr\u00f3jb\u00f3j si\u0142owy<br \/>\nNadia Demia\u0144czuk-tr\u00f3jb\u00f3j si\u0142owy<br \/>\nSerhii Onopriienko &#8211; tr\u00f3jb\u00f3j si\u0142owy<br \/>\nKarolina Kosecka- tr\u00f3jb\u00f3j si\u0142owy<br \/>\nDominik Kot- tr\u00f3jb\u00f3j si\u0142owy<\/p>\n<p>Zarz\u0105d Klubu i zawodnicy bardzo dzi\u0119kuj\u0105.<\/p>\n<div id='gallery-1' class='gallery galleryid-1623 gallery-columns-6 gallery-size-full'><figure class='gallery-item'>\n\t\t\t<div class='gallery-icon landscape'>\n\t\t\t\t<a href='https:\/\/www.teczaspolem.pl\/wp-content\/uploads\/2025\/02\/badminton.jpg'><img loading=\"lazy\" decoding=\"async\" width=\"800\" height=\"619\" src=\"https:\/\/www.teczaspolem.pl\/wp-content\/uploads\/2025\/02\/badminton.jpg\" class=\"attachment-full size-full\" alt=\"\" srcset=\"https:\/\/www.teczaspolem.pl\/wp-content\/uploads\/2025\/02\/badminton.jpg 800w, https:\/\/www.teczaspolem.pl\/wp-content\/uploads\/2025\/02\/badminton-300x232.jpg 300w, https:\/\/www.teczaspolem.pl\/wp-content\/uploads\/2025\/02\/badminton-768x594.jpg 768w\" sizes=\"auto, (max-width: 800px) 100vw, 800px\" \/><\/a>\n\t\t\t<\/div><\/figure><figure class='gallery-item'>\n\t\t\t<div class='gallery-icon landscape'>\n\t\t\t\t<a href='https:\/\/www.teczaspolem.pl\/wp-content\/uploads\/2025\/02\/IMG-20240901-WA0072.jpg'><img loading=\"lazy\" decoding=\"async\" width=\"1200\" height=\"900\" src=\"https:\/\/www.teczaspolem.pl\/wp-content\/uploads\/2025\/02\/IMG-20240901-WA0072.jpg\" class=\"attachment-full size-full\" alt=\"\" srcset=\"https:\/\/www.teczaspolem.pl\/wp-content\/uploads\/2025\/02\/IMG-20240901-WA0072.jpg 1200w, https:\/\/www.teczaspolem.pl\/wp-content\/uploads\/2025\/02\/IMG-20240901-WA0072-300x225.jpg 300w, https:\/\/www.teczaspolem.pl\/wp-content\/uploads\/2025\/02\/IMG-20240901-WA0072-768x576.jpg 768w, https:\/\/www.teczaspolem.pl\/wp-content\/uploads\/2025\/02\/IMG-20240901-WA0072-940x705.jpg 940w\" sizes=\"auto, (max-width: 1200px) 100vw, 1200px\" \/><\/a>\n\t\t\t<\/div><\/figure><figure class='gallery-item'>\n\t\t\t<div class='gallery-icon landscape'>\n\t\t\t\t<a href='https:\/\/www.teczaspolem.pl\/wp-content\/uploads\/2025\/02\/ME-w-TS-Luksemburg-2024-Radoslaw-Rogala-2-m.-w-kat.-59-juniorow-do-lat-18.jpg'><img loading=\"lazy\" decoding=\"async\" width=\"1200\" height=\"800\" src=\"https:\/\/www.teczaspolem.pl\/wp-content\/uploads\/2025\/02\/ME-w-TS-Luksemburg-2024-Radoslaw-Rogala-2-m.-w-kat.-59-juniorow-do-lat-18.jpg\" class=\"attachment-full size-full\" alt=\"\" srcset=\"https:\/\/www.teczaspolem.pl\/wp-content\/uploads\/2025\/02\/ME-w-TS-Luksemburg-2024-Radoslaw-Rogala-2-m.-w-kat.-59-juniorow-do-lat-18.jpg 1200w, https:\/\/www.teczaspolem.pl\/wp-content\/uploads\/2025\/02\/ME-w-TS-Luksemburg-2024-Radoslaw-Rogala-2-m.-w-kat.-59-juniorow-do-lat-18-300x200.jpg 300w, https:\/\/www.teczaspolem.pl\/wp-content\/uploads\/2025\/02\/ME-w-TS-Luksemburg-2024-Radoslaw-Rogala-2-m.-w-kat.-59-juniorow-do-lat-18-768x512.jpg 768w, https:\/\/www.teczaspolem.pl\/wp-content\/uploads\/2025\/02\/ME-w-TS-Luksemburg-2024-Radoslaw-Rogala-2-m.-w-kat.-59-juniorow-do-lat-18-940x627.jpg 940w\" sizes=\"auto, (max-width: 1200px) 100vw, 1200px\" \/><\/a>\n\t\t\t<\/div><\/figure><figure class='gallery-item'>\n\t\t\t<div class='gallery-icon landscape'>\n\t\t\t\t<a href='https:\/\/www.teczaspolem.pl\/wp-content\/uploads\/2025\/02\/Resized_20240901_144037.jpeg'><img loading=\"lazy\" decoding=\"async\" width=\"1080\" height=\"724\" src=\"https:\/\/www.teczaspolem.pl\/wp-content\/uploads\/2025\/02\/Resized_20240901_144037.jpeg\" class=\"attachment-full size-full\" alt=\"\" srcset=\"https:\/\/www.teczaspolem.pl\/wp-content\/uploads\/2025\/02\/Resized_20240901_144037.jpeg 1080w, https:\/\/www.teczaspolem.pl\/wp-content\/uploads\/2025\/02\/Resized_20240901_144037-300x201.jpeg 300w, https:\/\/www.teczaspolem.pl\/wp-content\/uploads\/2025\/02\/Resized_20240901_144037-768x515.jpeg 768w, https:\/\/www.teczaspolem.pl\/wp-content\/uploads\/2025\/02\/Resized_20240901_144037-940x630.jpeg 940w\" sizes=\"auto, (max-width: 1080px) 100vw, 1080px\" \/><\/a>\n\t\t\t<\/div><\/figure><figure class='gallery-item'>\n\t\t\t<div class='gallery-icon landscape'>\n\t\t\t\t<a href='https:\/\/www.teczaspolem.pl\/wp-content\/uploads\/2025\/02\/ts.jpg'><img loading=\"lazy\" decoding=\"async\" width=\"1000\" height=\"750\" src=\"https:\/\/www.teczaspolem.pl\/wp-content\/uploads\/2025\/02\/ts.jpg\" class=\"attachment-full size-full\" alt=\"\" srcset=\"https:\/\/www.teczaspolem.pl\/wp-content\/uploads\/2025\/02\/ts.jpg 1000w, https:\/\/www.teczaspolem.pl\/wp-content\/uploads\/2025\/02\/ts-300x225.jpg 300w, https:\/\/www.teczaspolem.pl\/wp-content\/uploads\/2025\/02\/ts-768x576.jpg 768w, https:\/\/www.teczaspolem.pl\/wp-content\/uploads\/2025\/02\/ts-940x705.jpg 940w\" sizes=\"auto, (max-width: 1000px) 100vw, 1000px\" \/><\/a>\n\t\t\t<\/div><\/figure><figure class='gallery-item'>\n\t\t\t<div class='gallery-icon portrait'>\n\t\t\t\t<a href='https:\/\/www.teczaspolem.pl\/wp-content\/uploads\/2025\/02\/Videoshot_20240507_134934.jpg'><img loading=\"lazy\" decoding=\"async\" width=\"1080\" height=\"1466\" src=\"https:\/\/www.teczaspolem.pl\/wp-content\/uploads\/2025\/02\/Videoshot_20240507_134934.jpg\" class=\"attachment-full size-full\" alt=\"\" srcset=\"https:\/\/www.teczaspolem.pl\/wp-content\/uploads\/2025\/02\/Videoshot_20240507_134934.jpg 1080w, https:\/\/www.teczaspolem.pl\/wp-content\/uploads\/2025\/02\/Videoshot_20240507_134934-221x300.jpg 221w, https:\/\/www.teczaspolem.pl\/wp-content\/uploads\/2025\/02\/Videoshot_20240507_134934-768x1042.jpg 768w, https:\/\/www.teczaspolem.pl\/wp-content\/uploads\/2025\/02\/Videoshot_20240507_134934-940x1276.jpg 940w\" sizes=\"auto, (max-width: 1080px) 100vw, 1080px\" \/><\/a>\n\t\t\t<\/div><\/figure>\n\t\t<\/div>\n\n","protected":false},"excerpt":{"rendered":"<p>Pani Prezydent Miasta Kielce przyzna\u0142a stypendia sportowe\u00a0za osi\u0105gni\u0119te wyniki sportowe w roku 2024 Mi\u0142o nam poinformowa\u0107, \u017ce Pani Prezydent Miasta Kielce przyzna\u0142a stypendia sportowe zawodniczkom i zawodnikom\u00a0 KS \u201eT\u0119cza-Spo\u0142em\u201d Kielce za osi\u0105gni\u0119cia sportowe na arenie krajowej, europejskiej i \u015bwiatowej sekcji &#8230; <a class=\"more-link\" href=\"https:\/\/www.teczaspolem.pl\/?p=1623\">Read More &raquo;<\/a><\/p>\n","protected":false},"author":1,"featured_media":0,"comment_status":"closed","ping_status":"closed","sticky":false,"template":"","format":"image","meta":{"footnotes":""},"categories":[1],"tags":[],"class_list":["post-1623","post","type-post","status-publish","format-image","hentry","category-bez-kategorii","post_format-post-format-image"],"_links":{"self":[{"href":"https:\/\/www.teczaspolem.pl\/index.php?rest_route=\/wp\/v2\/posts\/1623","targetHints":{"allow":["GET"]}}],"collection":[{"href":"https:\/\/www.teczaspolem.pl\/index.php?rest_route=\/wp\/v2\/posts"}],"about":[{"href":"https:\/\/www.teczaspolem.pl\/index.php?rest_route=\/wp\/v2\/types\/post"}],"author":[{"embeddable":true,"href":"https:\/\/www.teczaspolem.pl\/index.php?rest_route=\/wp\/v2\/users\/1"}],"replies":[{"embeddable":true,"href":"https:\/\/www.teczaspolem.pl\/index.php?rest_route=%2Fwp%2Fv2%2Fcomments&post=1623"}],"version-history":[{"count":2,"href":"https:\/\/www.teczaspolem.pl\/index.php?rest_route=\/wp\/v2\/posts\/1623\/revisions"}],"predecessor-version":[{"id":1631,"href":"https:\/\/www.teczaspolem.pl\/index.php?rest_route=\/wp\/v2\/posts\/1623\/revisions\/1631"}],"wp:attachment":[{"href":"https:\/\/www.teczaspolem.pl\/index.php?rest_route=%2Fwp%2Fv2%2Fmedia&parent=1623"}],"wp:term":[{"taxonomy":"category","embeddable":true,"href":"https:\/\/www.teczaspolem.pl\/index.php?rest_route=%2Fwp%2Fv2%2Fcategories&post=1623"},{"taxonomy":"post_tag","embeddable":true,"href":"https:\/\/www.teczaspolem.pl\/index.php?rest_route=%2Fwp%2Fv2%2Ftags&post=1623"}],"curies":[{"name":"wp","href":"https:\/\/api.w.org\/{rel}","templated":true}]}}