{"id":1632,"date":"2025-02-13T15:59:34","date_gmt":"2025-02-13T15:59:34","guid":{"rendered":"https:\/\/www.teczaspolem.pl\/?p=1632"},"modified":"2025-02-13T16:00:02","modified_gmt":"2025-02-13T16:00:02","slug":"turniej-klasyfikacyjny-wtk5-w-warszawie","status":"publish","type":"post","link":"https:\/\/www.teczaspolem.pl\/?p=1632","title":{"rendered":"Turniej Klasyfikacyjny &#8211; WTK5 w Warszawie"},"content":{"rendered":"\n<div>W miniony weekend tj. w dniach 08 &#8211; 10.02.2025 r. Bartosz Wasik bra\u0142 udzia\u0142 w Turnieju Wojew\u00f3dzki Turniej Klasyfikacyjny &#8211; WTK5 w Warszawie. W grze deblowej zaj\u0119li wraz z Koleg\u0105 Miko\u0142ajem \u0141uszczykiem z Klubu Tenisowego TENISWIL Warszawa-Wilan\u00f3w 2 miejsce. Wynik tego meczu by\u0142 zaskakuj\u0105cy, poniewa\u017c Ch\u0142opcy po przegraniu pierwszego seta 0:6, obronili si\u0119 w drugim secie 7:6(3) i finalnie wygrali mecz w tie breaku 10:8. W grze singlowej Bartek zaj\u0105\u0142 3 miejsce.\u00a0Serdecznie gratulujemy Bartu\u015b wygranej i reprezentowania KS &#8222;T\u0119cza-Spo\u0142em&#8221; Kielce, jednocze\u015bnie \u017cyczymy dalszych sukces\u00f3w. Zarz\u0105d<br \/><a href=\"https:\/\/www.teczaspolem.pl\/wp-content\/uploads\/2025\/02\/a1.jpg\"><img loading=\"lazy\" decoding=\"async\" class=\"alignleft size-medium wp-image-1633\" src=\"https:\/\/www.teczaspolem.pl\/wp-content\/uploads\/2025\/02\/a1-254x300.jpg\" alt=\"\" width=\"254\" height=\"300\" srcset=\"https:\/\/www.teczaspolem.pl\/wp-content\/uploads\/2025\/02\/a1-254x300.jpg 254w, https:\/\/www.teczaspolem.pl\/wp-content\/uploads\/2025\/02\/a1-768x908.jpg 768w, https:\/\/www.teczaspolem.pl\/wp-content\/uploads\/2025\/02\/a1-1300x1536.jpg 1300w, https:\/\/www.teczaspolem.pl\/wp-content\/uploads\/2025\/02\/a1-940x1111.jpg 940w, https:\/\/www.teczaspolem.pl\/wp-content\/uploads\/2025\/02\/a1.jpg 1308w\" sizes=\"auto, (max-width: 254px) 100vw, 254px\" \/><\/a><\/div>\n<div>\u00a0<\/div>\n<div>\u00a0<\/div>\n","protected":false},"excerpt":{"rendered":"<p>W miniony weekend tj. w dniach 08 &#8211; 10.02.2025 r. Bartosz Wasik bra\u0142 udzia\u0142 w Turnieju Wojew\u00f3dzki Turniej Klasyfikacyjny &#8211; WTK5 w Warszawie. W grze deblowej zaj\u0119li wraz z Koleg\u0105 Miko\u0142ajem \u0141uszczykiem z Klubu Tenisowego TENISWIL Warszawa-Wilan\u00f3w 2 miejsce. Wynik &#8230; <a class=\"more-link\" href=\"https:\/\/www.teczaspolem.pl\/?p=1632\">Read More &raquo;<\/a><\/p>\n","protected":false},"author":1,"featured_media":0,"comment_status":"closed","ping_status":"closed","sticky":false,"template":"","format":"image","meta":{"footnotes":""},"categories":[1],"tags":[],"class_list":["post-1632","post","type-post","status-publish","format-image","hentry","category-bez-kategorii","post_format-post-format-image"],"_links":{"self":[{"href":"https:\/\/www.teczaspolem.pl\/index.php?rest_route=\/wp\/v2\/posts\/1632","targetHints":{"allow":["GET"]}}],"collection":[{"href":"https:\/\/www.teczaspolem.pl\/index.php?rest_route=\/wp\/v2\/posts"}],"about":[{"href":"https:\/\/www.teczaspolem.pl\/index.php?rest_route=\/wp\/v2\/types\/post"}],"author":[{"embeddable":true,"href":"https:\/\/www.teczaspolem.pl\/index.php?rest_route=\/wp\/v2\/users\/1"}],"replies":[{"embeddable":true,"href":"https:\/\/www.teczaspolem.pl\/index.php?rest_route=%2Fwp%2Fv2%2Fcomments&post=1632"}],"version-history":[{"count":2,"href":"https:\/\/www.teczaspolem.pl\/index.php?rest_route=\/wp\/v2\/posts\/1632\/revisions"}],"predecessor-version":[{"id":1635,"href":"https:\/\/www.teczaspolem.pl\/index.php?rest_route=\/wp\/v2\/posts\/1632\/revisions\/1635"}],"wp:attachment":[{"href":"https:\/\/www.teczaspolem.pl\/index.php?rest_route=%2Fwp%2Fv2%2Fmedia&parent=1632"}],"wp:term":[{"taxonomy":"category","embeddable":true,"href":"https:\/\/www.teczaspolem.pl\/index.php?rest_route=%2Fwp%2Fv2%2Fcategories&post=1632"},{"taxonomy":"post_tag","embeddable":true,"href":"https:\/\/www.teczaspolem.pl\/index.php?rest_route=%2Fwp%2Fv2%2Ftags&post=1632"}],"curies":[{"name":"wp","href":"https:\/\/api.w.org\/{rel}","templated":true}]}}