{"id":1930,"date":"2025-10-05T12:22:21","date_gmt":"2025-10-05T12:22:21","guid":{"rendered":"https:\/\/www.teczaspolem.pl\/?p=1930"},"modified":"2025-10-05T12:22:59","modified_gmt":"2025-10-05T12:22:59","slug":"basia-i-wojtek-pierwsi","status":"publish","type":"post","link":"https:\/\/www.teczaspolem.pl\/?p=1930","title":{"rendered":"Basia i Wojtek pierwsi"},"content":{"rendered":"<div>W ubieg\u0142ym tygodniu rozegrano Krajowy Turniej Badmintona w Szczucinie w dniach 27-28.09 nasi zawodnicy zaj\u0119li nast\u0119puj\u0105ce miejsca:<\/div>\n<div><\/div>\n<div>w kategorii U11 &#8211; 1 miejsce Wojciech Gryzek<br \/>\nw kategorii U11 &#8211; 1 miejsce Barbara Siuda<br \/>\nw kategorii U13 &#8211; 4-6 miejsce w grze mieszanej Wojciech Siuda i Barbara Siuda<\/div>\n<div>w turnieju wzi\u0119\u0142o udzia\u0142 93 zawodnik\u00f3w.<\/div>\n<div>Gratulujemy zdobytych medali.<\/div>\n<div>\n<div id='gallery-1' class='gallery galleryid-1930 gallery-columns-3 gallery-size-full'><figure class='gallery-item'>\n\t\t\t<div class='gallery-icon landscape'>\n\t\t\t\t<a href='https:\/\/www.teczaspolem.pl\/wp-content\/uploads\/2025\/10\/IMG-20250927-WA0001.jpg'><img loading=\"lazy\" decoding=\"async\" width=\"1600\" height=\"720\" src=\"https:\/\/www.teczaspolem.pl\/wp-content\/uploads\/2025\/10\/IMG-20250927-WA0001.jpg\" class=\"attachment-full size-full\" alt=\"\" srcset=\"https:\/\/www.teczaspolem.pl\/wp-content\/uploads\/2025\/10\/IMG-20250927-WA0001.jpg 1600w, https:\/\/www.teczaspolem.pl\/wp-content\/uploads\/2025\/10\/IMG-20250927-WA0001-300x135.jpg 300w, https:\/\/www.teczaspolem.pl\/wp-content\/uploads\/2025\/10\/IMG-20250927-WA0001-768x346.jpg 768w, https:\/\/www.teczaspolem.pl\/wp-content\/uploads\/2025\/10\/IMG-20250927-WA0001-1536x691.jpg 1536w, https:\/\/www.teczaspolem.pl\/wp-content\/uploads\/2025\/10\/IMG-20250927-WA0001-940x423.jpg 940w\" sizes=\"auto, (max-width: 1600px) 100vw, 1600px\" \/><\/a>\n\t\t\t<\/div><\/figure><figure class='gallery-item'>\n\t\t\t<div class='gallery-icon landscape'>\n\t\t\t\t<a href='https:\/\/www.teczaspolem.pl\/wp-content\/uploads\/2025\/10\/IMG-20250927-WA0002.jpg'><img loading=\"lazy\" decoding=\"async\" width=\"1600\" height=\"720\" src=\"https:\/\/www.teczaspolem.pl\/wp-content\/uploads\/2025\/10\/IMG-20250927-WA0002.jpg\" class=\"attachment-full size-full\" alt=\"\" srcset=\"https:\/\/www.teczaspolem.pl\/wp-content\/uploads\/2025\/10\/IMG-20250927-WA0002.jpg 1600w, https:\/\/www.teczaspolem.pl\/wp-content\/uploads\/2025\/10\/IMG-20250927-WA0002-300x135.jpg 300w, https:\/\/www.teczaspolem.pl\/wp-content\/uploads\/2025\/10\/IMG-20250927-WA0002-768x346.jpg 768w, https:\/\/www.teczaspolem.pl\/wp-content\/uploads\/2025\/10\/IMG-20250927-WA0002-1536x691.jpg 1536w, https:\/\/www.teczaspolem.pl\/wp-content\/uploads\/2025\/10\/IMG-20250927-WA0002-940x423.jpg 940w\" sizes=\"auto, (max-width: 1600px) 100vw, 1600px\" \/><\/a>\n\t\t\t<\/div><\/figure><figure class='gallery-item'>\n\t\t\t<div class='gallery-icon landscape'>\n\t\t\t\t<a href='https:\/\/www.teczaspolem.pl\/wp-content\/uploads\/2025\/10\/IMG-20250927-WA0003.jpg'><img loading=\"lazy\" decoding=\"async\" width=\"1600\" height=\"720\" src=\"https:\/\/www.teczaspolem.pl\/wp-content\/uploads\/2025\/10\/IMG-20250927-WA0003.jpg\" class=\"attachment-full size-full\" alt=\"\" srcset=\"https:\/\/www.teczaspolem.pl\/wp-content\/uploads\/2025\/10\/IMG-20250927-WA0003.jpg 1600w, https:\/\/www.teczaspolem.pl\/wp-content\/uploads\/2025\/10\/IMG-20250927-WA0003-300x135.jpg 300w, https:\/\/www.teczaspolem.pl\/wp-content\/uploads\/2025\/10\/IMG-20250927-WA0003-768x346.jpg 768w, https:\/\/www.teczaspolem.pl\/wp-content\/uploads\/2025\/10\/IMG-20250927-WA0003-1536x691.jpg 1536w, https:\/\/www.teczaspolem.pl\/wp-content\/uploads\/2025\/10\/IMG-20250927-WA0003-940x423.jpg 940w\" sizes=\"auto, (max-width: 1600px) 100vw, 1600px\" \/><\/a>\n\t\t\t<\/div><\/figure><figure class='gallery-item'>\n\t\t\t<div class='gallery-icon landscape'>\n\t\t\t\t<a href='https:\/\/www.teczaspolem.pl\/wp-content\/uploads\/2025\/10\/IMG-20250927-WA0004.jpg'><img loading=\"lazy\" decoding=\"async\" width=\"1600\" height=\"720\" src=\"https:\/\/www.teczaspolem.pl\/wp-content\/uploads\/2025\/10\/IMG-20250927-WA0004.jpg\" class=\"attachment-full size-full\" alt=\"\" srcset=\"https:\/\/www.teczaspolem.pl\/wp-content\/uploads\/2025\/10\/IMG-20250927-WA0004.jpg 1600w, https:\/\/www.teczaspolem.pl\/wp-content\/uploads\/2025\/10\/IMG-20250927-WA0004-300x135.jpg 300w, https:\/\/www.teczaspolem.pl\/wp-content\/uploads\/2025\/10\/IMG-20250927-WA0004-768x346.jpg 768w, https:\/\/www.teczaspolem.pl\/wp-content\/uploads\/2025\/10\/IMG-20250927-WA0004-1536x691.jpg 1536w, https:\/\/www.teczaspolem.pl\/wp-content\/uploads\/2025\/10\/IMG-20250927-WA0004-940x423.jpg 940w\" sizes=\"auto, (max-width: 1600px) 100vw, 1600px\" \/><\/a>\n\t\t\t<\/div><\/figure><figure class='gallery-item'>\n\t\t\t<div class='gallery-icon landscape'>\n\t\t\t\t<a href='https:\/\/www.teczaspolem.pl\/wp-content\/uploads\/2025\/10\/IMG-20250927-WA0006.jpg'><img loading=\"lazy\" decoding=\"async\" width=\"1600\" height=\"720\" src=\"https:\/\/www.teczaspolem.pl\/wp-content\/uploads\/2025\/10\/IMG-20250927-WA0006.jpg\" class=\"attachment-full size-full\" alt=\"\" srcset=\"https:\/\/www.teczaspolem.pl\/wp-content\/uploads\/2025\/10\/IMG-20250927-WA0006.jpg 1600w, https:\/\/www.teczaspolem.pl\/wp-content\/uploads\/2025\/10\/IMG-20250927-WA0006-300x135.jpg 300w, https:\/\/www.teczaspolem.pl\/wp-content\/uploads\/2025\/10\/IMG-20250927-WA0006-768x346.jpg 768w, https:\/\/www.teczaspolem.pl\/wp-content\/uploads\/2025\/10\/IMG-20250927-WA0006-1536x691.jpg 1536w, https:\/\/www.teczaspolem.pl\/wp-content\/uploads\/2025\/10\/IMG-20250927-WA0006-940x423.jpg 940w\" sizes=\"auto, (max-width: 1600px) 100vw, 1600px\" \/><\/a>\n\t\t\t<\/div><\/figure>\n\t\t<\/div>\n\n<\/div>\n","protected":false},"excerpt":{"rendered":"<p>W ubieg\u0142ym tygodniu rozegrano Krajowy Turniej Badmintona w Szczucinie w dniach 27-28.09 nasi zawodnicy zaj\u0119li nast\u0119puj\u0105ce miejsca: w kategorii U11 &#8211; 1 miejsce Wojciech Gryzek w kategorii U11 &#8211; 1 miejsce Barbara Siuda w kategorii U13 &#8211; 4-6 miejsce w &#8230; <a class=\"more-link\" href=\"https:\/\/www.teczaspolem.pl\/?p=1930\">Read More &raquo;<\/a><\/p>\n","protected":false},"author":1,"featured_media":0,"comment_status":"closed","ping_status":"closed","sticky":false,"template":"","format":"image","meta":{"footnotes":""},"categories":[1],"tags":[],"class_list":["post-1930","post","type-post","status-publish","format-image","hentry","category-bez-kategorii","post_format-post-format-image"],"_links":{"self":[{"href":"https:\/\/www.teczaspolem.pl\/index.php?rest_route=\/wp\/v2\/posts\/1930","targetHints":{"allow":["GET"]}}],"collection":[{"href":"https:\/\/www.teczaspolem.pl\/index.php?rest_route=\/wp\/v2\/posts"}],"about":[{"href":"https:\/\/www.teczaspolem.pl\/index.php?rest_route=\/wp\/v2\/types\/post"}],"author":[{"embeddable":true,"href":"https:\/\/www.teczaspolem.pl\/index.php?rest_route=\/wp\/v2\/users\/1"}],"replies":[{"embeddable":true,"href":"https:\/\/www.teczaspolem.pl\/index.php?rest_route=%2Fwp%2Fv2%2Fcomments&post=1930"}],"version-history":[{"count":3,"href":"https:\/\/www.teczaspolem.pl\/index.php?rest_route=\/wp\/v2\/posts\/1930\/revisions"}],"predecessor-version":[{"id":1938,"href":"https:\/\/www.teczaspolem.pl\/index.php?rest_route=\/wp\/v2\/posts\/1930\/revisions\/1938"}],"wp:attachment":[{"href":"https:\/\/www.teczaspolem.pl\/index.php?rest_route=%2Fwp%2Fv2%2Fmedia&parent=1930"}],"wp:term":[{"taxonomy":"category","embeddable":true,"href":"https:\/\/www.teczaspolem.pl\/index.php?rest_route=%2Fwp%2Fv2%2Fcategories&post=1930"},{"taxonomy":"post_tag","embeddable":true,"href":"https:\/\/www.teczaspolem.pl\/index.php?rest_route=%2Fwp%2Fv2%2Ftags&post=1930"}],"curies":[{"name":"wp","href":"https:\/\/api.w.org\/{rel}","templated":true}]}}