{"id":330,"date":"2015-09-16T18:11:51","date_gmt":"2015-09-16T18:11:51","guid":{"rendered":"http:\/\/www.teczaspolem.pl\/?p=330"},"modified":"2015-09-17T12:33:48","modified_gmt":"2015-09-17T12:33:48","slug":"330","status":"publish","type":"post","link":"https:\/\/www.teczaspolem.pl\/?p=330","title":{"rendered":"Wiktoria Patrza\u0142ek z KS \u201eT\u0119cza-Spo\u0142em\u201d w Kielcach zaj\u0119\u0142a trzecie miejsce w kategorii bikini fitness juniorek open."},"content":{"rendered":"<p style=\"text-align: justify;\">W dniach 12-13.09.2015 r. w Warszawskim Centrum EXPO XXI przy ul. Po\u0142czy\u0144skiej 51 odby\u0142y si\u0119 zawody Grand Prix Warszawy w Fitness &#8211; Targi FIWE, kt\u00f3re s\u0105 eliminacjami do Arnold Classic Europe 2015 w Fitness, Fitness Sylwetkowym, Bikini Fitness i Fitness Atletycznym Kobiet oraz Fitness Pla\u017cowym M\u0119\u017cczyzn. W zawodach tych zawodniczka <strong>Wiktoria Patrza\u0142ek<\/strong> z KS \u201eT\u0119cza-Spo\u0142em\u201d w Kielcach zaj\u0119\u0142a trzecie miejsce w kategorii bikini fitness juniorek open.<\/p>\n<p>[Best_Wordpress_Gallery id=&#8221;13&#8243; gal_title=&#8221;Fit2015&#8243;]<\/p>\n","protected":false},"excerpt":{"rendered":"<p>W dniach 12-13.09.2015 r. w Warszawskim Centrum EXPO XXI przy ul. Po\u0142czy\u0144skiej 51 odby\u0142y si\u0119 zawody Grand Prix Warszawy w Fitness &#8211; Targi FIWE, kt\u00f3re s\u0105 eliminacjami do Arnold Classic Europe 2015 w Fitness, Fitness Sylwetkowym, Bikini Fitness i Fitness &#8230; <a class=\"more-link\" href=\"https:\/\/www.teczaspolem.pl\/?p=330\">Read More &raquo;<\/a><\/p>\n","protected":false},"author":1,"featured_media":0,"comment_status":"closed","ping_status":"closed","sticky":false,"template":"","format":"standard","meta":{"footnotes":""},"categories":[7],"tags":[],"class_list":["post-330","post","type-post","status-publish","format-standard","hentry","category-fitness"],"_links":{"self":[{"href":"https:\/\/www.teczaspolem.pl\/index.php?rest_route=\/wp\/v2\/posts\/330","targetHints":{"allow":["GET"]}}],"collection":[{"href":"https:\/\/www.teczaspolem.pl\/index.php?rest_route=\/wp\/v2\/posts"}],"about":[{"href":"https:\/\/www.teczaspolem.pl\/index.php?rest_route=\/wp\/v2\/types\/post"}],"author":[{"embeddable":true,"href":"https:\/\/www.teczaspolem.pl\/index.php?rest_route=\/wp\/v2\/users\/1"}],"replies":[{"embeddable":true,"href":"https:\/\/www.teczaspolem.pl\/index.php?rest_route=%2Fwp%2Fv2%2Fcomments&post=330"}],"version-history":[{"count":2,"href":"https:\/\/www.teczaspolem.pl\/index.php?rest_route=\/wp\/v2\/posts\/330\/revisions"}],"predecessor-version":[{"id":332,"href":"https:\/\/www.teczaspolem.pl\/index.php?rest_route=\/wp\/v2\/posts\/330\/revisions\/332"}],"wp:attachment":[{"href":"https:\/\/www.teczaspolem.pl\/index.php?rest_route=%2Fwp%2Fv2%2Fmedia&parent=330"}],"wp:term":[{"taxonomy":"category","embeddable":true,"href":"https:\/\/www.teczaspolem.pl\/index.php?rest_route=%2Fwp%2Fv2%2Fcategories&post=330"},{"taxonomy":"post_tag","embeddable":true,"href":"https:\/\/www.teczaspolem.pl\/index.php?rest_route=%2Fwp%2Fv2%2Ftags&post=330"}],"curies":[{"name":"wp","href":"https:\/\/api.w.org\/{rel}","templated":true}]}}