{"id":339,"date":"2015-09-17T12:27:00","date_gmt":"2015-09-17T12:27:00","guid":{"rendered":"http:\/\/www.teczaspolem.pl\/?p=339"},"modified":"2015-09-25T10:45:59","modified_gmt":"2015-09-25T10:45:59","slug":"wyniki-z-xx-otwarte-mistrzostwa-wojewodztwa-w-tenisie-o-puchar-gor-swietokrzyskich-12-13-09-2014-r","status":"publish","type":"post","link":"https:\/\/www.teczaspolem.pl\/?p=339","title":{"rendered":"WYNIKI  z XX Otwarte Mistrzostwa Wojew\u00f3dztwa w Tenisie  o Puchar G\u00f3r \u015awi\u0119tokrzyskich 12-13.09.2014 r."},"content":{"rendered":"<p style=\"text-align: justify;\">WYNIKI z XX Otwarte Mistrzostwa Wojew\u00f3dztwa w Tenisieo Puchar G\u00f3r \u015awi\u0119tokrzyskich 12-13.09.2014 r. w ramach Jubileuszu 70-lecia KS \u201eT\u0119cza-Spo\u0142em\u201d w Kielcach\u00a0 Memoria\u0142 Adama Krajewskiego Memoria\u0142 Adama Borch\u00f3lskiego<\/p>\n<p>W kat do 18 lat: Memoria\u0142 Adama Krajewskiego<\/p>\n<p>Miejsce<\/p>\n<ol>\n<li>Dudzik Jakub \u2013 Kielce<\/li>\n<li>W\u0105ssowski Bernard \u2013 Skar\u017cysko Kam.<\/li>\n<li>Salwa Natalia &#8211; Kielce<\/li>\n<\/ol>\n<p>W kat do +18 lat:<\/p>\n<p>Miejsce<\/p>\n<ol>\n<li>Grabka Albert \u2013 Kielce<\/li>\n<li>Wo\u017aniak Mateusz \u2013 Kielce<\/li>\n<li>Ka\u0142u\u017ca Micha\u0142 \u2013 Kielce<\/li>\n<li>Sperczy\u0144ski Mariusz \u2013 Skar\u017cysko Kam.<\/li>\n<\/ol>\n<p>W kat +18 open (byli zawodnicy):<\/p>\n<p>Miejsce<\/p>\n<ol>\n<li>Kopycki Kamil \u2013 Skar\u017cysko Kamienna<\/li>\n<li>Klima Piotr \u2013 Kielce<\/li>\n<li>Klima Micha\u0142 \u2013 Kielce<\/li>\n<\/ol>\n<p>W kat +35 lat:<\/p>\n<p>Miejsce<\/p>\n<ol>\n<li>Moczek Andrzej \u2013 Skar\u017cysko Kamienna<\/li>\n<li>Uci\u0144ski Rafa\u0142 \u2013 Skar\u017cysko Kamienna<\/li>\n<li>Ma\u0144kowski Krzysztof \u2013 Kielce<\/li>\n<li>Garnuszek Pawe\u0142 &#8211; Kielce<\/li>\n<\/ol>\n<p>W kat +50 lat:<\/p>\n<p>Miejsce<\/p>\n<ol>\n<li>Cha\u0142aci\u0144ski Tomasz \u2013 Kielce<\/li>\n<li>Klima Zbigniew \u2013 Kielce<\/li>\n<li>Doboszy\u0144ski Jan &#8211; Kielce<\/li>\n<li>Piwko Jerzy \u2013 Kielce<\/li>\n<\/ol>\n<p>W kat +60 lat:<\/p>\n<p>Miejsce<\/p>\n<ol>\n<li>G\u0142ady\u015b Krzystzof \u2013 Kielce<\/li>\n<li>Soko\u0142owski Roman \u2013 Wodzis\u0142aw<\/li>\n<li>Kowalski Wojciech \u2013 Kielce<\/li>\n<\/ol>\n<p>W kat +70 lat: Memoria\u0142 Adama Borch\u00f3lskiego<\/p>\n<p>Miejsce<\/p>\n<ol>\n<li>Figarski Adam &#8211; Skar\u017cysko Kamienna<\/li>\n<li>Fura Edward \u2013 Kielce<\/li>\n<li>Krzemi\u0144ski Andrzej \u2013 Kielce<\/li>\n<li>Kawarski Wiktor &#8211; Kielce<\/li>\n<\/ol>\n<p>W kat open kobiet:<\/p>\n<ol>\n<li>Wo\u0142oszyn El\u017cbieta \u2013 Kielce<\/li>\n<li>Pytel Eliza \u2013 Starachowice<\/li>\n<li>Czekaj Agata \u2013 Kielce<\/li>\n<li>Derda\u015b-Bara\u0144ska Magdalena \u2013 J\u0119drzej\u00f3w<\/li>\n<\/ol>\n<p style=\"text-align: justify;\">Mistrzostwa odby\u0142y si\u0119 w dniach 12-13 wrze\u015bnia 2015 r. na kortach tenisowych Klubu Sportowego \u201eT\u0119cza-Spo\u0142em\u201d w Kielcach. Otwarcia dokona\u0142a Przewodnicz\u0105ca Rady Miasta Kielce Pani Joanna Winiarska wraz z Prezesem Wojciechem Kardynalskim. Podczas otwarcia zosta\u0142 wr\u0119czony medalion 70-lecia za zas\u0142ugi Panu Andrzejowi Krajewskiemu, kt\u00f3remu jednocze\u015bnie nale\u017c\u0105 si\u0119 podzi\u0119kowania za coroczne sponsorowanie ww turnieju.<\/p>\n<p>W turnieju uczestniczy\u0142o ponad 70 zawodniczek i zawodnik\u00f3w. Dodatkowe gry \u2013 deble rozegra\u0142y si\u0119 w dn. 13 i 16.09.br. w kat open miejsca zaj\u0119li:<\/p>\n<ol>\n<li>Niechcia\u0142 Tomasz \u2013 Kielce, \u00a0Ma\u0144kowski Krzysztof \u2013 Kielce<\/li>\n<li>Dudzik Jakub \u2013 Kielce,\u00a0Grabka Albert \u2013 Kielce<\/li>\n<li>Wo\u0142oszyn El\u017cbieta \u2013 Kielce,\u00a0Poniatowski Piotr &#8211; Kielce<\/li>\n<\/ol>\n<p>Podczas turnieju wszyscy uczestnicy korzystali z grilla.<br \/>\nDyrektor turnieju Wojciech Kardynalski<br \/>\nS\u0119dzia naczelny Kamil Nowak<\/p>\n<p>[Best_Wordpress_Gallery id=&#8221;16&#8243; gal_title=&#8221;TenisXX&#8221;]<\/p>\n","protected":false},"excerpt":{"rendered":"<p>WYNIKI z XX Otwarte Mistrzostwa Wojew\u00f3dztwa w Tenisieo Puchar G\u00f3r \u015awi\u0119tokrzyskich 12-13.09.2014 r. w ramach Jubileuszu 70-lecia KS \u201eT\u0119cza-Spo\u0142em\u201d w Kielcach\u00a0 Memoria\u0142 Adama Krajewskiego Memoria\u0142 Adama Borch\u00f3lskiego W kat do 18 lat: Memoria\u0142 Adama Krajewskiego Miejsce Dudzik Jakub \u2013 Kielce &#8230; <a class=\"more-link\" href=\"https:\/\/www.teczaspolem.pl\/?p=339\">Read More &raquo;<\/a><\/p>\n","protected":false},"author":1,"featured_media":0,"comment_status":"closed","ping_status":"closed","sticky":false,"template":"","format":"standard","meta":{"footnotes":""},"categories":[4],"tags":[],"class_list":["post-339","post","type-post","status-publish","format-standard","hentry","category-tenis"],"_links":{"self":[{"href":"https:\/\/www.teczaspolem.pl\/index.php?rest_route=\/wp\/v2\/posts\/339","targetHints":{"allow":["GET"]}}],"collection":[{"href":"https:\/\/www.teczaspolem.pl\/index.php?rest_route=\/wp\/v2\/posts"}],"about":[{"href":"https:\/\/www.teczaspolem.pl\/index.php?rest_route=\/wp\/v2\/types\/post"}],"author":[{"embeddable":true,"href":"https:\/\/www.teczaspolem.pl\/index.php?rest_route=\/wp\/v2\/users\/1"}],"replies":[{"embeddable":true,"href":"https:\/\/www.teczaspolem.pl\/index.php?rest_route=%2Fwp%2Fv2%2Fcomments&post=339"}],"version-history":[{"count":5,"href":"https:\/\/www.teczaspolem.pl\/index.php?rest_route=\/wp\/v2\/posts\/339\/revisions"}],"predecessor-version":[{"id":344,"href":"https:\/\/www.teczaspolem.pl\/index.php?rest_route=\/wp\/v2\/posts\/339\/revisions\/344"}],"wp:attachment":[{"href":"https:\/\/www.teczaspolem.pl\/index.php?rest_route=%2Fwp%2Fv2%2Fmedia&parent=339"}],"wp:term":[{"taxonomy":"category","embeddable":true,"href":"https:\/\/www.teczaspolem.pl\/index.php?rest_route=%2Fwp%2Fv2%2Fcategories&post=339"},{"taxonomy":"post_tag","embeddable":true,"href":"https:\/\/www.teczaspolem.pl\/index.php?rest_route=%2Fwp%2Fv2%2Ftags&post=339"}],"curies":[{"name":"wp","href":"https:\/\/api.w.org\/{rel}","templated":true}]}}